{"id":564,"date":"2025-01-27T10:14:44","date_gmt":"2025-01-27T09:14:44","guid":{"rendered":"https:\/\/pruebas.ebanissan.com\/?p=564"},"modified":"2025-01-27T10:24:38","modified_gmt":"2025-01-27T09:24:38","slug":"que-es-y-como-afrontar-la-depresion","status":"publish","type":"post","link":"https:\/\/www.policlinicalacibis.com\/web\/que-es-y-como-afrontar-la-depresion\/","title":{"rendered":"\u00bfQu\u00e9 es y como afrontar la depresi\u00f3n?"},"content":{"rendered":"\t\t<div data-elementor-type=\"wp-post\" data-elementor-id=\"564\" class=\"elementor elementor-564\" data-elementor-post-type=\"post\">\n\t\t\t\t<div class=\"elementor-element elementor-element-1df9b63 e-flex e-con-boxed e-con e-parent\" data-id=\"1df9b63\" data-element_type=\"container\">\n\t\t\t\t\t<div class=\"e-con-inner\">\n\t\t\t\t<div class=\"elementor-element elementor-element-37dc602 elementor-widget elementor-widget-heading\" data-id=\"37dc602\" data-element_type=\"widget\" data-widget_type=\"heading.default\">\n\t\t\t\t<div class=\"elementor-widget-container\">\n\t\t\t\t\t<h2 class=\"elementor-heading-title elementor-size-default\">\u00bfQu\u00e9 es y como afrontar la depresi\u00f3n?<\/h2>\t\t\t\t<\/div>\n\t\t\t\t<\/div>\n\t\t\t\t<div class=\"elementor-element elementor-element-9bf6676 elementor-widget elementor-widget-text-editor\" data-id=\"9bf6676\" data-element_type=\"widget\" data-widget_type=\"text-editor.default\">\n\t\t\t\t<div class=\"elementor-widget-container\">\n\t\t\t\t\t\t\t\t\t<p><strong>(Jos\u00e9 Juan Ag\u00fcera Ag\u00fcera\/ Psic\u00f3logo <\/strong><strong>Colegiado n\u00ba: AO06943)<\/strong>La depresi\u00f3n es hoy d\u00eda uno de los problemas de salud m\u00e1s frecuentes y cuya importancia ha ido en aumento en los \u00faltimos a\u00f1os.<\/p><p>No me refiero a la expresi\u00f3n coloquial <strong>\u201c<em>estoy depre<\/em>\u201d<\/strong>, que no identifica el trastorno como tal, sino que refleja un estado an\u00edmico pasajero o circunstancial. La verdadera depresi\u00f3n es un estado de hundimiento terrible, mucho mayor que cualquier decaimiento producido por los avatares de la vida.<\/p><p>Las personas que se han visto afectados por un proceso depresivo saben c\u00f3mo nadie lo que significa estar sumergidos en una tristeza profunda, en una desgana hacia casi todo, con una sensaci\u00f3n de incapacidad personal que les lleva a pensar que nunca \u201csaldr\u00e1n\u201d de ese estado y que nunca volver\u00e1n a ser felices.<\/p><p>El sufrimiento de la depresi\u00f3n puede llegar a ser tan profundo que s\u00f3lo se vea como salida de ese t\u00fanel el suicidio.<\/p><p>La definici\u00f3n acad\u00e9mica sit\u00faa esta enfermedad como <strong>\u201cel s\u00edndrome caracterizado por una tristeza profunda y la inhibici\u00f3n de casi todas las funciones ps\u00edquicas, que da lugar a cinco series de s\u00edntomas: f\u00edsicos, psicol\u00f3gicos, de conducta, cognitivos (intelectuales), asertivos y sociales\u201d. <\/strong>Su sintomatolog\u00eda es variad\u00edsima, por lo que no se puede decir que existan dos depresiones iguales.<\/p><p>As\u00ed, podemos decir que <strong>la tristeza <\/strong>es el s\u00edntoma central de la depresi\u00f3n, pero no el \u00fanico. En relaci\u00f3n a la anterior definici\u00f3n podemos observar que los s\u00edntomas pueden estar vinculados a nuestro estado de \u00e1nimo (tristeza, desgana, abatimiento, indefensi\u00f3n,\u2026), pero tambi\u00e9n pueden afectar a c\u00f3mo vemos el mundo (pesimismo, culpabilidad, baja autoestima), a nuestro funcionamiento neurovegetativo (problemas de sue\u00f1o, de apetito, desinter\u00e9s sexual,\u2026) o cognitivo (problemas para concentrarse, despistes, problemas de memoria), e incluso a nuestras relaciones interpersonales y familiares (aislamiento, soledad, inseguridad, incapacidad para la comunicaci\u00f3n\u2026).<\/p><p>Es necesario advertir que un s\u00edntoma aislado no indica que estemos pasando por un proceso depresivo. Y no busquemos en nosotros mismos lo que no hay. Nos podemos sentir tristes o nos podemos sentir desanimados, hay d\u00edas que nos cuesta concentrarnos o pasamos una mala racha para dormir, de la misma forma que tendremos d\u00edas en que nos sentimos felices o nos concentramos con facilidad, pero la diferencia entre estos s\u00edntomas puntuales y un proceso depresivo es que unos est\u00e1n en proporci\u00f3n a la realidad de los hechos de nuestra vida cotidiana, y en la depresi\u00f3n el sufrimiento es desproporcionado a la realidad de lo acontecido; producto de nuestras vulnerabilidades y miedos, agazapados y latentes, y anclados en esquemas cognitivos desadaptativos provocados por nuestra historia personal y experiencias desagradables.<\/p><p>Resumiendo, la depresi\u00f3n <strong>es un conjunto de s\u00edntomas<\/strong>, que se dan con una intensidad y\/o frecuencia tal que nos cause un sufrimiento descontrolado y, durante un tiempo prolongado (semanas).<\/p><p>A pesar de los avances en el conocimiento de la depresi\u00f3n, a\u00fan quedan cosas por conocer, as\u00ed que, para afrontar esta enfermedad, adem\u00e1s de la ayuda farmacol\u00f3gica debidamente prescrita por un psiquiatra o m\u00e9dico conocedor del problema, me parece adecuado citar la importancia y eficacia de la ayuda psicoterap\u00e9utica para superar un proceso depresivo.<\/p><p>Por \u00faltimo, y siendo consciente de diferentes opciones terap\u00e9uticas, quiero resaltar la ayuda que supone el aplicar un programa de actividades agradables (para reactivar la capacidad de recordar sensaciones agradables en la persona depresiva), el trabajo de transformaci\u00f3n de pensamientos negativos (irracionales, terror\u00edficos, tremendistas, de todo o nada) en pensamientos positivos (realistas, centrado en los hechos), y la toma de conciencia de la gesti\u00f3n voluntaria (desde la intenci\u00f3n de nuestra voluntad de cambio) de los mismos. Adem\u00e1s del aporte de informaci\u00f3n y recursos para la mejora de nuestra capacidad de comunicaci\u00f3n interpersonal.<\/p>\t\t\t\t\t\t\t\t<\/div>\n\t\t\t\t<\/div>\n\t\t\t\t<div class=\"elementor-element elementor-element-8c82d92 elementor-widget elementor-widget-image\" data-id=\"8c82d92\" data-element_type=\"widget\" data-widget_type=\"image.default\">\n\t\t\t\t<div class=\"elementor-widget-container\">\n\t\t\t\t\t\t\t\t\t\t\t\t\t\t\t<img fetchpriority=\"high\" decoding=\"async\" width=\"693\" height=\"791\" src=\"https:\/\/www.policlinicalacibis.com\/web\/wp-content\/uploads\/2025\/01\/Jose-Juan-Aguera.jpeg\" class=\"attachment-large size-large wp-image-566\" alt=\"\" srcset=\"https:\/\/www.policlinicalacibis.com\/web\/wp-content\/uploads\/2025\/01\/Jose-Juan-Aguera.jpeg 693w, https:\/\/www.policlinicalacibis.com\/web\/wp-content\/uploads\/2025\/01\/Jose-Juan-Aguera-263x300.jpeg 263w\" sizes=\"(max-width: 693px) 100vw, 693px\" \/>\t\t\t\t\t\t\t\t\t\t\t\t\t\t\t<\/div>\n\t\t\t\t<\/div>\n\t\t\t\t\t<\/div>\n\t\t\t\t<\/div>\n\t\t\t\t<\/div>\n\t\t","protected":false},"excerpt":{"rendered":"<p>\u00bfQu\u00e9 es y como afrontar la depresi\u00f3n? (Jos\u00e9 Juan Ag\u00fcera Ag\u00fcera\/ Psic\u00f3logo Colegiado n\u00ba: AO06943)La depresi\u00f3n es hoy d\u00eda uno de los problemas de salud m\u00e1s frecuentes y cuya importancia ha ido en aumento en los \u00faltimos a\u00f1os. No me refiero a la expresi\u00f3n coloquial \u201cestoy depre\u201d, que no identifica el trastorno como tal, sino [&hellip;]<\/p>\n","protected":false},"author":1,"featured_media":566,"comment_status":"closed","ping_status":"open","sticky":false,"template":"elementor_header_footer","format":"standard","meta":{"footnotes":""},"categories":[5],"tags":[],"class_list":["post-564","post","type-post","status-publish","format-standard","has-post-thumbnail","hentry","category-lacibis"],"_links":{"self":[{"href":"https:\/\/www.policlinicalacibis.com\/web\/wp-json\/wp\/v2\/posts\/564","targetHints":{"allow":["GET"]}}],"collection":[{"href":"https:\/\/www.policlinicalacibis.com\/web\/wp-json\/wp\/v2\/posts"}],"about":[{"href":"https:\/\/www.policlinicalacibis.com\/web\/wp-json\/wp\/v2\/types\/post"}],"author":[{"embeddable":true,"href":"https:\/\/www.policlinicalacibis.com\/web\/wp-json\/wp\/v2\/users\/1"}],"replies":[{"embeddable":true,"href":"https:\/\/www.policlinicalacibis.com\/web\/wp-json\/wp\/v2\/comments?post=564"}],"version-history":[{"count":19,"href":"https:\/\/www.policlinicalacibis.com\/web\/wp-json\/wp\/v2\/posts\/564\/revisions"}],"predecessor-version":[{"id":585,"href":"https:\/\/www.policlinicalacibis.com\/web\/wp-json\/wp\/v2\/posts\/564\/revisions\/585"}],"wp:featuredmedia":[{"embeddable":true,"href":"https:\/\/www.policlinicalacibis.com\/web\/wp-json\/wp\/v2\/media\/566"}],"wp:attachment":[{"href":"https:\/\/www.policlinicalacibis.com\/web\/wp-json\/wp\/v2\/media?parent=564"}],"wp:term":[{"taxonomy":"category","embeddable":true,"href":"https:\/\/www.policlinicalacibis.com\/web\/wp-json\/wp\/v2\/categories?post=564"},{"taxonomy":"post_tag","embeddable":true,"href":"https:\/\/www.policlinicalacibis.com\/web\/wp-json\/wp\/v2\/tags?post=564"}],"curies":[{"name":"wp","href":"https:\/\/api.w.org\/{rel}","templated":true}]}}